{"id":21686,"date":"2022-02-28T17:14:27","date_gmt":"2022-02-28T14:14:27","guid":{"rendered":"https:\/\/kefim.org\/?p=21686"},"modified":"2022-02-28T17:14:28","modified_gmt":"2022-02-28T14:14:28","slug":"the-battle-for-free-societies","status":"publish","type":"post","link":"https:\/\/kefim.org\/en\/the-battle-for-free-societies\/","title":{"rendered":"The battle for free societies"},"content":{"rendered":"\n<p class=\"has-text-align-center\"><strong>The Center for Liberal Studies &#8211; Markos Dragoumis (KEFiM), through its President Alexander Skouras, together with 23 representatives of European civil society organizations and think tanks, co-signs a letter of support for the freedom and independence of Ukraine and  the struggle of Ukrainian citizens against Russian invasion.<\/strong><\/p>\n\n\n\n<div style=\"height:100px\" aria-hidden=\"true\" class=\"wp-block-spacer\"><\/div>\n\n\n\n<p>Many classical liberals dedicate their professional lives to making their societies freer, fairer, and more prosperous. We are battling bad ideas that would impoverish our neighbours, we are combatting populists who would dismantle our liberal-democratic institutions, and we are outlining ideas for a world where merit and morals based on the ideas of freedom contribute to a better life for all.<\/p>\n\n\n\n<p>Whilst the battle of ideas is essential to lay the foundations for a better future, all progress can be lost in a matter of moments. We can build the most freedom minded societies, campaign for the best regulatory reforms, and implement the most successful tax models, but if our society will be attacked by an autocratic tyrant then all our efforts will be for nothing.<\/p>\n\n\n\n<p>Ukrainian cities are under siege. As these words are written, Kyiv is being bombarded by Russian rockets, Ukrainian children &amp; women are fleeing the country by the hundreds of thousands, and brave men \u2013 young and old \u2013 are fighting for every inch of their neighbourhood. Families who dreamt about a new family holiday a few months ago, are now walking dozens of kilometres to find safety from the murderous regime of their Eastern neighbour. A 44-years old former actor has now turned into Europe\u2019s most eminent political leader, a president with more skin in the game than any of his European counterparts can imagine.<\/p>\n\n\n\n<p>Putin\u2019s Russia has publicly stated its foreign policy goal; namely to the dismantle a free and independent Ukraine which it regards as a \u2018fake country\u2019. Through revisionist history, aggressive contemporary foreign policy, and its military might, we are witnessing in front of our eyes how a deranged idea can turn into a hellish reality.<\/p>\n\n\n\n<p>Peace has a price. Our Ukrainian friends are paying the highest price of all. But we cannot outsource all the costs to them. Not only because our moral compass, but also because of brutal realities. The mantra \u2018Georgia yesterday, Ukraine today, and the Baltics tomorrow\u2019 cannot turn into a dystopian reality. Imperial aggression led to unimaginable horrors in the 20th century. The same mistakes cannot be repeated in Europe again, so we need to adopt all economic and political measures to avoid that.<\/p>\n\n\n\n<p>It\u2019s rare that we call on governments to do more, but on this occasion, we believe that Europe and the free world should be united in implementing wide-spread economic sanctions on the Russian regime and politically completely isolate the aggressors. Otherwise following generations will rightly accuse us of knowing the price of everything and the value of nothing.<\/p>\n\n\n\n<p>\u0421\u043b\u0430\u0432\u0430 \u0423\u043a\u0440\u0430\u0457\u043d\u0456!<\/p>\n\n\n\n<p>Signatories:<\/p>\n\n\n\n<p>Adam Bartha, Director of EPICENTER, Belgium<\/p>\n\n\n\n<p>Admir \u010cavali\u0107, Director of Association Multi, Bosnia and Herzegovina<\/p>\n\n\n\n<p>Richard Durana, PhD, Director of INESS, Slovakia<\/p>\n\n\n\n<p>Benjamin Dousa, CEO of Timbro, Sweden<\/p>\n\n\n\n<p>Fredrik Erixon, Director, European Centre for International Political Economy, Belgium<\/p>\n\n\n\n<p>Alexander Hammond, Director of IATP, UK<\/p>\n\n\n\n<p>M\u00e1t\u00e9 Hajba, Director of Free Market Foundation, Hungary<\/p>\n\n\n\n<p>Andreas J\u00fcrgens, CEO of Freedom Today, Germany<\/p>\n\n\n\n<p>Jorge Jraissati, Director of Alumni, Students for Liberty, Spain<\/p>\n\n\n\n<p>Zolt\u00e1n K\u00e9sz, Director of Operations at Civitas, Hungary<\/p>\n\n\n\n<p>Elena Leontjeva, President of the Lithuanian Free market Institute, Lithuania<\/p>\n\n\n\n<p>Andy Mayer, Chief Operating Officer of the IEA, UK<\/p>\n\n\n\n<p>Christian Nasulea, Director of Institute for Economic Studies \u2013 Europe, Romania<\/p>\n\n\n\n<p>\u0130srafil \u00d6zkan, Secretary General of the Freedom Research Association, Turkey<\/p>\n\n\n\n<p>Frederik Roeder, Managing Director, Consumer Choice Center, Germany<\/p>\n\n\n\n<p>Juan S\u00e1enz-Diez, Head of the Centre for Free Economic Thought of EBS, Estonia<\/p>\n\n\n\n<p>Clemens Schneider, Director of Prometheus \u2013 Das Freiheitsinstitut, Germany<\/p>\n\n\n\n<p>Alexander Skouras, President of KEFiM, Greece<\/p>\n\n\n\n<p>Krassen Stanchev, Board Member of the Institute for Market Economics, Bulgaria<\/p>\n\n\n\n<p>Agata Stremecka, President , Civil Development Forum, Poland<\/p>\n\n\n\n<p>Juan Pina, Secretary General of Fundaci\u00f3n para el Avance de la Libertad, Spain<\/p>\n\n\n\n<p>Andr\u00e9 Pin\u00e7\u00e3o Lucas, Director of +Liberdade, Portugal<\/p>\n\n\n\n<p>Martin P\u00e1nek, Director of Liberalni Institut, Czechia<\/p>\n\n\n\n<p>Lasse Pipinen, Director of Libera, Finland<\/p>\n\n\n\n<p>Marek Tatala, CEO of Economic Freedom Foundation, Poland<\/p>\n\n\n\n<p>LinkedInFacebookTwitterPrintFriendlyShare<\/p>\n","protected":false},"excerpt":{"rendered":"<p>The Center for Liberal Studies &#8211; Markos Dragoumis (KEFiM), through its President Alexander Skouras, together with 23 representatives of European civil society organizations and think tanks,<span class=\"excerpt-hellip\"> [\u2026]<\/span><\/p>\n","protected":false},"author":4,"featured_media":21687,"comment_status":"open","ping_status":"open","sticky":false,"template":"","format":"standard","meta":{"_acf_changed":false,"footnotes":""},"categories":[219,220],"tags":[],"class_list":["post-21686","post","type-post","status-publish","format-standard","has-post-thumbnail","hentry","category-featured-en","category-ta-nea-mas-en"],"acf":[],"yoast_head":"<!-- This site is optimized with the Yoast SEO plugin v27.2 - https:\/\/yoast.com\/product\/yoast-seo-wordpress\/ -->\n<title>The battle for free societies - Kefim<\/title>\n<meta name=\"robots\" content=\"index, follow, max-snippet:-1, max-image-preview:large, max-video-preview:-1\" \/>\n<link rel=\"canonical\" href=\"https:\/\/kefim.org\/en\/the-battle-for-free-societies\/\" \/>\n<meta property=\"og:locale\" content=\"en_US\" \/>\n<meta property=\"og:type\" content=\"article\" \/>\n<meta property=\"og:title\" content=\"The battle for free societies - Kefim\" \/>\n<meta property=\"og:description\" content=\"The Center for Liberal Studies &#8211; Markos Dragoumis (KEFiM), through its President Alexander Skouras, together with 23 representatives of European civil society organizations and think tanks, [\u2026]\" \/>\n<meta property=\"og:url\" content=\"https:\/\/kefim.org\/en\/the-battle-for-free-societies\/\" \/>\n<meta property=\"og:site_name\" content=\"Kefim\" \/>\n<meta property=\"article:published_time\" content=\"2022-02-28T14:14:27+00:00\" \/>\n<meta property=\"article:modified_time\" content=\"2022-02-28T14:14:28+00:00\" \/>\n<meta property=\"og:image\" content=\"https:\/\/kefim.org\/wp-content\/uploads\/2022\/02\/\u0397-\u03bc\u03ac\u03c7\u03b7-\u03b3\u03b9\u03b1-\u03c4\u03b9\u03c2-\u03b5\u03bb\u03b5\u03cd\u03b8\u03b5\u03c1\u03b5\u03c2-\u03ba\u03bf\u03b9\u03bd\u03c9\u03bd\u03af\u03b5\u03c2-1.png\" \/>\n\t<meta property=\"og:image:width\" content=\"1200\" \/>\n\t<meta property=\"og:image:height\" content=\"675\" \/>\n\t<meta property=\"og:image:type\" content=\"image\/png\" \/>\n<meta name=\"author\" content=\"kefim\" \/>\n<meta name=\"twitter:card\" content=\"summary_large_image\" \/>\n<meta name=\"twitter:label1\" content=\"Written by\" \/>\n\t<meta name=\"twitter:data1\" content=\"kefim\" \/>\n\t<meta name=\"twitter:label2\" content=\"Est. reading time\" \/>\n\t<meta name=\"twitter:data2\" content=\"3 minutes\" \/>\n<script type=\"application\/ld+json\" class=\"yoast-schema-graph\">{\"@context\":\"https:\/\/schema.org\",\"@graph\":[{\"@type\":\"Article\",\"@id\":\"https:\/\/kefim.org\/en\/the-battle-for-free-societies\/#article\",\"isPartOf\":{\"@id\":\"https:\/\/kefim.org\/en\/the-battle-for-free-societies\/\"},\"author\":{\"name\":\"kefim\",\"@id\":\"https:\/\/kefim.org\/#\/schema\/person\/28a37bef1994a7d69579a781ee7c8c18\"},\"headline\":\"The battle for free societies\",\"datePublished\":\"2022-02-28T14:14:27+00:00\",\"dateModified\":\"2022-02-28T14:14:28+00:00\",\"mainEntityOfPage\":{\"@id\":\"https:\/\/kefim.org\/en\/the-battle-for-free-societies\/\"},\"wordCount\":700,\"commentCount\":0,\"publisher\":{\"@id\":\"https:\/\/kefim.org\/#organization\"},\"image\":{\"@id\":\"https:\/\/kefim.org\/en\/the-battle-for-free-societies\/#primaryimage\"},\"thumbnailUrl\":\"https:\/\/kefim.org\/wp-content\/uploads\/2022\/02\/\u0397-\u03bc\u03ac\u03c7\u03b7-\u03b3\u03b9\u03b1-\u03c4\u03b9\u03c2-\u03b5\u03bb\u03b5\u03cd\u03b8\u03b5\u03c1\u03b5\u03c2-\u03ba\u03bf\u03b9\u03bd\u03c9\u03bd\u03af\u03b5\u03c2-1.png\",\"articleSection\":[\"Featured\",\"\u03a4\u03b1 \u03bd\u03ad\u03b1 \u03bc\u03b1\u03c2\"],\"inLanguage\":\"en-US\",\"potentialAction\":[{\"@type\":\"CommentAction\",\"name\":\"Comment\",\"target\":[\"https:\/\/kefim.org\/en\/the-battle-for-free-societies\/#respond\"]}]},{\"@type\":\"WebPage\",\"@id\":\"https:\/\/kefim.org\/en\/the-battle-for-free-societies\/\",\"url\":\"https:\/\/kefim.org\/en\/the-battle-for-free-societies\/\",\"name\":\"The battle for free societies - Kefim\",\"isPartOf\":{\"@id\":\"https:\/\/kefim.org\/#website\"},\"primaryImageOfPage\":{\"@id\":\"https:\/\/kefim.org\/en\/the-battle-for-free-societies\/#primaryimage\"},\"image\":{\"@id\":\"https:\/\/kefim.org\/en\/the-battle-for-free-societies\/#primaryimage\"},\"thumbnailUrl\":\"https:\/\/kefim.org\/wp-content\/uploads\/2022\/02\/\u0397-\u03bc\u03ac\u03c7\u03b7-\u03b3\u03b9\u03b1-\u03c4\u03b9\u03c2-\u03b5\u03bb\u03b5\u03cd\u03b8\u03b5\u03c1\u03b5\u03c2-\u03ba\u03bf\u03b9\u03bd\u03c9\u03bd\u03af\u03b5\u03c2-1.png\",\"datePublished\":\"2022-02-28T14:14:27+00:00\",\"dateModified\":\"2022-02-28T14:14:28+00:00\",\"breadcrumb\":{\"@id\":\"https:\/\/kefim.org\/en\/the-battle-for-free-societies\/#breadcrumb\"},\"inLanguage\":\"en-US\",\"potentialAction\":[{\"@type\":\"ReadAction\",\"target\":[\"https:\/\/kefim.org\/en\/the-battle-for-free-societies\/\"]}]},{\"@type\":\"ImageObject\",\"inLanguage\":\"en-US\",\"@id\":\"https:\/\/kefim.org\/en\/the-battle-for-free-societies\/#primaryimage\",\"url\":\"https:\/\/kefim.org\/wp-content\/uploads\/2022\/02\/\u0397-\u03bc\u03ac\u03c7\u03b7-\u03b3\u03b9\u03b1-\u03c4\u03b9\u03c2-\u03b5\u03bb\u03b5\u03cd\u03b8\u03b5\u03c1\u03b5\u03c2-\u03ba\u03bf\u03b9\u03bd\u03c9\u03bd\u03af\u03b5\u03c2-1.png\",\"contentUrl\":\"https:\/\/kefim.org\/wp-content\/uploads\/2022\/02\/\u0397-\u03bc\u03ac\u03c7\u03b7-\u03b3\u03b9\u03b1-\u03c4\u03b9\u03c2-\u03b5\u03bb\u03b5\u03cd\u03b8\u03b5\u03c1\u03b5\u03c2-\u03ba\u03bf\u03b9\u03bd\u03c9\u03bd\u03af\u03b5\u03c2-1.png\",\"width\":1200,\"height\":675},{\"@type\":\"BreadcrumbList\",\"@id\":\"https:\/\/kefim.org\/en\/the-battle-for-free-societies\/#breadcrumb\",\"itemListElement\":[{\"@type\":\"ListItem\",\"position\":1,\"name\":\"\u0391\u03c1\u03c7\u03b9\u03ba\u03ae\",\"item\":\"https:\/\/kefim.org\/\"},{\"@type\":\"ListItem\",\"position\":2,\"name\":\"The battle for free societies\"}]},{\"@type\":\"WebSite\",\"@id\":\"https:\/\/kefim.org\/#website\",\"url\":\"https:\/\/kefim.org\/\",\"name\":\"Kefim\",\"description\":\"\u0391\u03bd\u03b5\u03be\u03ac\u03c1\u03c4\u03b7\u03c4\u03bf\u03c2, \u03bc\u03b7-\u03ba\u03bf\u03bc\u03bc\u03b1\u03c4\u03b9\u03ba\u03cc\u03c2, \u03bc\u03b7-\u03ba\u03b5\u03c1\u03b4\u03bf\u03c3\u03ba\u03bf\u03c0\u03b9\u03ba\u03cc\u03c2 \u03bf\u03c1\u03b3\u03b1\u03bd\u03b9\u03c3\u03bc\u03cc\u03c2 \u03bc\u03b5 \u03ad\u03b4\u03c1\u03b1 \u03c4\u03b7\u03bd \u0391\u03b8\u03ae\u03bd\u03b1.\",\"publisher\":{\"@id\":\"https:\/\/kefim.org\/#organization\"},\"potentialAction\":[{\"@type\":\"SearchAction\",\"target\":{\"@type\":\"EntryPoint\",\"urlTemplate\":\"https:\/\/kefim.org\/?s={search_term_string}\"},\"query-input\":{\"@type\":\"PropertyValueSpecification\",\"valueRequired\":true,\"valueName\":\"search_term_string\"}}],\"inLanguage\":\"en-US\"},{\"@type\":\"Organization\",\"@id\":\"https:\/\/kefim.org\/#organization\",\"name\":\"Kefim\",\"url\":\"https:\/\/kefim.org\/\",\"logo\":{\"@type\":\"ImageObject\",\"inLanguage\":\"en-US\",\"@id\":\"https:\/\/kefim.org\/#\/schema\/logo\/image\/\",\"url\":\"https:\/\/kefim.org\/wp-content\/uploads\/2020\/07\/cropped-Untitled-design-7.png\",\"contentUrl\":\"https:\/\/kefim.org\/wp-content\/uploads\/2020\/07\/cropped-Untitled-design-7.png\",\"width\":135,\"height\":32,\"caption\":\"Kefim\"},\"image\":{\"@id\":\"https:\/\/kefim.org\/#\/schema\/logo\/image\/\"}},{\"@type\":\"Person\",\"@id\":\"https:\/\/kefim.org\/#\/schema\/person\/28a37bef1994a7d69579a781ee7c8c18\",\"name\":\"kefim\",\"url\":\"https:\/\/kefim.org\/en\/author\/kefim\/\"}]}<\/script>\n<!-- \/ Yoast SEO plugin. -->","yoast_head_json":{"title":"The battle for free societies - Kefim","robots":{"index":"index","follow":"follow","max-snippet":"max-snippet:-1","max-image-preview":"max-image-preview:large","max-video-preview":"max-video-preview:-1"},"canonical":"https:\/\/kefim.org\/en\/the-battle-for-free-societies\/","og_locale":"en_US","og_type":"article","og_title":"The battle for free societies - Kefim","og_description":"The Center for Liberal Studies &#8211; Markos Dragoumis (KEFiM), through its President Alexander Skouras, together with 23 representatives of European civil society organizations and think tanks, [\u2026]","og_url":"https:\/\/kefim.org\/en\/the-battle-for-free-societies\/","og_site_name":"Kefim","article_published_time":"2022-02-28T14:14:27+00:00","article_modified_time":"2022-02-28T14:14:28+00:00","og_image":[{"width":1200,"height":675,"url":"https:\/\/kefim.org\/wp-content\/uploads\/2022\/02\/\u0397-\u03bc\u03ac\u03c7\u03b7-\u03b3\u03b9\u03b1-\u03c4\u03b9\u03c2-\u03b5\u03bb\u03b5\u03cd\u03b8\u03b5\u03c1\u03b5\u03c2-\u03ba\u03bf\u03b9\u03bd\u03c9\u03bd\u03af\u03b5\u03c2-1.png","type":"image\/png"}],"author":"kefim","twitter_card":"summary_large_image","twitter_misc":{"Written by":"kefim","Est. reading time":"3 minutes"},"schema":{"@context":"https:\/\/schema.org","@graph":[{"@type":"Article","@id":"https:\/\/kefim.org\/en\/the-battle-for-free-societies\/#article","isPartOf":{"@id":"https:\/\/kefim.org\/en\/the-battle-for-free-societies\/"},"author":{"name":"kefim","@id":"https:\/\/kefim.org\/#\/schema\/person\/28a37bef1994a7d69579a781ee7c8c18"},"headline":"The battle for free societies","datePublished":"2022-02-28T14:14:27+00:00","dateModified":"2022-02-28T14:14:28+00:00","mainEntityOfPage":{"@id":"https:\/\/kefim.org\/en\/the-battle-for-free-societies\/"},"wordCount":700,"commentCount":0,"publisher":{"@id":"https:\/\/kefim.org\/#organization"},"image":{"@id":"https:\/\/kefim.org\/en\/the-battle-for-free-societies\/#primaryimage"},"thumbnailUrl":"https:\/\/kefim.org\/wp-content\/uploads\/2022\/02\/\u0397-\u03bc\u03ac\u03c7\u03b7-\u03b3\u03b9\u03b1-\u03c4\u03b9\u03c2-\u03b5\u03bb\u03b5\u03cd\u03b8\u03b5\u03c1\u03b5\u03c2-\u03ba\u03bf\u03b9\u03bd\u03c9\u03bd\u03af\u03b5\u03c2-1.png","articleSection":["Featured","\u03a4\u03b1 \u03bd\u03ad\u03b1 \u03bc\u03b1\u03c2"],"inLanguage":"en-US","potentialAction":[{"@type":"CommentAction","name":"Comment","target":["https:\/\/kefim.org\/en\/the-battle-for-free-societies\/#respond"]}]},{"@type":"WebPage","@id":"https:\/\/kefim.org\/en\/the-battle-for-free-societies\/","url":"https:\/\/kefim.org\/en\/the-battle-for-free-societies\/","name":"The battle for free societies - Kefim","isPartOf":{"@id":"https:\/\/kefim.org\/#website"},"primaryImageOfPage":{"@id":"https:\/\/kefim.org\/en\/the-battle-for-free-societies\/#primaryimage"},"image":{"@id":"https:\/\/kefim.org\/en\/the-battle-for-free-societies\/#primaryimage"},"thumbnailUrl":"https:\/\/kefim.org\/wp-content\/uploads\/2022\/02\/\u0397-\u03bc\u03ac\u03c7\u03b7-\u03b3\u03b9\u03b1-\u03c4\u03b9\u03c2-\u03b5\u03bb\u03b5\u03cd\u03b8\u03b5\u03c1\u03b5\u03c2-\u03ba\u03bf\u03b9\u03bd\u03c9\u03bd\u03af\u03b5\u03c2-1.png","datePublished":"2022-02-28T14:14:27+00:00","dateModified":"2022-02-28T14:14:28+00:00","breadcrumb":{"@id":"https:\/\/kefim.org\/en\/the-battle-for-free-societies\/#breadcrumb"},"inLanguage":"en-US","potentialAction":[{"@type":"ReadAction","target":["https:\/\/kefim.org\/en\/the-battle-for-free-societies\/"]}]},{"@type":"ImageObject","inLanguage":"en-US","@id":"https:\/\/kefim.org\/en\/the-battle-for-free-societies\/#primaryimage","url":"https:\/\/kefim.org\/wp-content\/uploads\/2022\/02\/\u0397-\u03bc\u03ac\u03c7\u03b7-\u03b3\u03b9\u03b1-\u03c4\u03b9\u03c2-\u03b5\u03bb\u03b5\u03cd\u03b8\u03b5\u03c1\u03b5\u03c2-\u03ba\u03bf\u03b9\u03bd\u03c9\u03bd\u03af\u03b5\u03c2-1.png","contentUrl":"https:\/\/kefim.org\/wp-content\/uploads\/2022\/02\/\u0397-\u03bc\u03ac\u03c7\u03b7-\u03b3\u03b9\u03b1-\u03c4\u03b9\u03c2-\u03b5\u03bb\u03b5\u03cd\u03b8\u03b5\u03c1\u03b5\u03c2-\u03ba\u03bf\u03b9\u03bd\u03c9\u03bd\u03af\u03b5\u03c2-1.png","width":1200,"height":675},{"@type":"BreadcrumbList","@id":"https:\/\/kefim.org\/en\/the-battle-for-free-societies\/#breadcrumb","itemListElement":[{"@type":"ListItem","position":1,"name":"\u0391\u03c1\u03c7\u03b9\u03ba\u03ae","item":"https:\/\/kefim.org\/"},{"@type":"ListItem","position":2,"name":"The battle for free societies"}]},{"@type":"WebSite","@id":"https:\/\/kefim.org\/#website","url":"https:\/\/kefim.org\/","name":"Kefim","description":"\u0391\u03bd\u03b5\u03be\u03ac\u03c1\u03c4\u03b7\u03c4\u03bf\u03c2, \u03bc\u03b7-\u03ba\u03bf\u03bc\u03bc\u03b1\u03c4\u03b9\u03ba\u03cc\u03c2, \u03bc\u03b7-\u03ba\u03b5\u03c1\u03b4\u03bf\u03c3\u03ba\u03bf\u03c0\u03b9\u03ba\u03cc\u03c2 \u03bf\u03c1\u03b3\u03b1\u03bd\u03b9\u03c3\u03bc\u03cc\u03c2 \u03bc\u03b5 \u03ad\u03b4\u03c1\u03b1 \u03c4\u03b7\u03bd \u0391\u03b8\u03ae\u03bd\u03b1.","publisher":{"@id":"https:\/\/kefim.org\/#organization"},"potentialAction":[{"@type":"SearchAction","target":{"@type":"EntryPoint","urlTemplate":"https:\/\/kefim.org\/?s={search_term_string}"},"query-input":{"@type":"PropertyValueSpecification","valueRequired":true,"valueName":"search_term_string"}}],"inLanguage":"en-US"},{"@type":"Organization","@id":"https:\/\/kefim.org\/#organization","name":"Kefim","url":"https:\/\/kefim.org\/","logo":{"@type":"ImageObject","inLanguage":"en-US","@id":"https:\/\/kefim.org\/#\/schema\/logo\/image\/","url":"https:\/\/kefim.org\/wp-content\/uploads\/2020\/07\/cropped-Untitled-design-7.png","contentUrl":"https:\/\/kefim.org\/wp-content\/uploads\/2020\/07\/cropped-Untitled-design-7.png","width":135,"height":32,"caption":"Kefim"},"image":{"@id":"https:\/\/kefim.org\/#\/schema\/logo\/image\/"}},{"@type":"Person","@id":"https:\/\/kefim.org\/#\/schema\/person\/28a37bef1994a7d69579a781ee7c8c18","name":"kefim","url":"https:\/\/kefim.org\/en\/author\/kefim\/"}]}},"_links":{"self":[{"href":"https:\/\/kefim.org\/en\/wp-json\/wp\/v2\/posts\/21686","targetHints":{"allow":["GET"]}}],"collection":[{"href":"https:\/\/kefim.org\/en\/wp-json\/wp\/v2\/posts"}],"about":[{"href":"https:\/\/kefim.org\/en\/wp-json\/wp\/v2\/types\/post"}],"author":[{"embeddable":true,"href":"https:\/\/kefim.org\/en\/wp-json\/wp\/v2\/users\/4"}],"replies":[{"embeddable":true,"href":"https:\/\/kefim.org\/en\/wp-json\/wp\/v2\/comments?post=21686"}],"version-history":[{"count":0,"href":"https:\/\/kefim.org\/en\/wp-json\/wp\/v2\/posts\/21686\/revisions"}],"wp:featuredmedia":[{"embeddable":true,"href":"https:\/\/kefim.org\/en\/wp-json\/wp\/v2\/media\/21687"}],"wp:attachment":[{"href":"https:\/\/kefim.org\/en\/wp-json\/wp\/v2\/media?parent=21686"}],"wp:term":[{"taxonomy":"category","embeddable":true,"href":"https:\/\/kefim.org\/en\/wp-json\/wp\/v2\/categories?post=21686"},{"taxonomy":"post_tag","embeddable":true,"href":"https:\/\/kefim.org\/en\/wp-json\/wp\/v2\/tags?post=21686"}],"curies":[{"name":"wp","href":"https:\/\/api.w.org\/{rel}","templated":true}]}}